{"id":2442,"date":"2023-05-02T11:39:44","date_gmt":"2023-05-02T09:39:44","guid":{"rendered":"https:\/\/huisartsenposttilburg.nl\/?p=2442"},"modified":"2024-12-23T15:02:07","modified_gmt":"2024-12-23T14:02:07","slug":"rozpoczal-sie-sezon-na-katar-sienny-i-kleszcze","status":"publish","type":"post","link":"https:\/\/huisartsenposttilburg.nl\/pl\/nieuws\/rozpoczal-sie-sezon-na-katar-sienny-i-kleszcze\/","title":{"rendered":"Rozpocz\u0105\u0142 si\u0119 sezon na katar sienny i kleszcze"},"content":{"rendered":"\n<p>Te miesi\u0105ce nie s\u0105 najprzyjemniejsze dla wielu os\u00f3b cierpi\u0105cych na katar sienny. W powietrzu unosi si\u0119 du\u017co py\u0142k\u00f3w z drzew, traw i ro\u015blin. W przypadku kataru siennego masz alergi\u0119 na py\u0142ki. Twoje b\u0142ony \u015bluzowe staj\u0105 si\u0119 podra\u017cnione, gdy ten py\u0142ek wejdzie w kontakt z oczami, nosem, ustami, gard\u0142em lub tchawic\u0105. Powoduje to takie objawy, jak cz\u0119ste kichanie, zatkany nos, sw\u0119dzenie lub \u0142zawienie oczu, duszno\u015b\u0107 i zm\u0119czenie. Pomocne mo\u017ce by\u0107 spray do nosa lub leki przeciwalergiczne. W s\u0142oneczne dni przy silnym wietrze nale\u017cy zamyka\u0107 okna.<\/p>\n\n\n\n<p>Opr\u00f3cz tych niedogodno\u015bci w tym sezonie mo\u017cemy r\u00f3wnie\u017c cierpie\u0107 na kleszcze. Kleszcz to ma\u0142e stworzenie o wielko\u015bci oko\u0142o 1 do 3 milimetr\u00f3w i cz\u0119sto ma czarno-br\u0105zowy kolor. Mo\u017cna je znale\u017a\u0107 w lasach, krzewach, wysokich trawach, wrzosowiskach, ogrodach i parkach. Kleszcze mog\u0105 si\u0119 tylko czo\u0142ga\u0107. Po ugryzieniu kleszcz wgryza si\u0119 w sk\u00f3r\u0119. Ugryzienie mo\u017ce wyst\u0105pi\u0107 na ca\u0142ym ciele. Zwykle kleszcz znajduje si\u0119 w ciep\u0142ych, wilgotnych miejscach, takich jak pacha, ty\u0142 kolan lub pachwina. U dzieci cz\u0119sto znajduj\u0105 si\u0119 na g\u0142owie, za uszami lub na szyi. Uk\u0105szenie kleszcza nie boli, ale mo\u017ce powodowa\u0107 dolegliwo\u015bci. Wi\u0119cej informacji o kleszczach i katarze siennym? Sprawd\u017a <a href=\"http:\/\/www.thuisarts.nl\" target=\"_blank\" rel=\"noreferrer noopener\">www.thuisarts.nl<\/a> .<\/p>\n","protected":false},"excerpt":{"rendered":"<p>Te miesi\u0105ce nie s\u0105 najprzyjemniejsze dla wielu os\u00f3b cierpi\u0105cych na katar sienny. W powietrzu unosi si\u0119 du\u017co py\u0142k\u00f3w z drzew, traw i ro\u015blin. W przypadku kataru siennego masz alergi\u0119 na py\u0142ki. Twoje b\u0142ony \u015bluzowe staj\u0105 si\u0119 podra\u017cnione, gdy ten py\u0142ek wejdzie w kontakt z oczami, nosem, ustami, gard\u0142em lub tchawic\u0105. Powoduje to takie objawy, jak [&hellip;]<\/p>\n","protected":false},"author":3,"featured_media":2452,"comment_status":"open","ping_status":"open","sticky":false,"template":"","format":"standard","meta":{"_acf_changed":false,"_trash_the_other_posts":false,"editor_notices":[],"footnotes":""},"categories":[1],"class_list":["post-2442","post","type-post","status-publish","format-standard","has-post-thumbnail","hentry","category-geen-onderdeel-van-een-categorie"],"acf":[],"yoast_head":"<!-- This site is optimized with the Yoast SEO plugin v26.6 - https:\/\/yoast.com\/wordpress\/plugins\/seo\/ -->\n<title>Rozpocz\u0105\u0142 si\u0119 sezon na katar sienny i kleszcze - Huisartsenpost Tilburg - Polski<\/title>\n<meta name=\"robots\" content=\"index, follow, max-snippet:-1, max-image-preview:large, max-video-preview:-1\" \/>\n<link rel=\"canonical\" href=\"https:\/\/huisartsenposttilburg.nl\/pl\/nieuws\/rozpoczal-sie-sezon-na-katar-sienny-i-kleszcze\/\" \/>\n<meta property=\"og:locale\" content=\"pl_PL\" \/>\n<meta property=\"og:type\" content=\"article\" \/>\n<meta property=\"og:title\" content=\"Rozpocz\u0105\u0142 si\u0119 sezon na katar sienny i kleszcze - Huisartsenpost Tilburg - Polski\" \/>\n<meta property=\"og:description\" content=\"Te miesi\u0105ce nie s\u0105 najprzyjemniejsze dla wielu os\u00f3b cierpi\u0105cych na katar sienny. W powietrzu unosi si\u0119 du\u017co py\u0142k\u00f3w z drzew, traw i ro\u015blin. W przypadku kataru siennego masz alergi\u0119 na py\u0142ki. Twoje b\u0142ony \u015bluzowe staj\u0105 si\u0119 podra\u017cnione, gdy ten py\u0142ek wejdzie w kontakt z oczami, nosem, ustami, gard\u0142em lub tchawic\u0105. Powoduje to takie objawy, jak [&hellip;]\" \/>\n<meta property=\"og:url\" content=\"https:\/\/huisartsenposttilburg.nl\/pl\/nieuws\/rozpoczal-sie-sezon-na-katar-sienny-i-kleszcze\/\" \/>\n<meta property=\"og:site_name\" content=\"Huisartsenpost Tilburg - Polski\" \/>\n<meta property=\"article:published_time\" content=\"2023-05-02T09:39:44+00:00\" \/>\n<meta property=\"article:modified_time\" content=\"2024-12-23T14:02:07+00:00\" \/>\n<meta property=\"og:image\" content=\"https:\/\/huisartsenposttilburg.nl\/pl\/wp-content\/uploads\/sites\/162\/2023\/05\/hooikoorts-min.jpg\" \/>\n\t<meta property=\"og:image:width\" content=\"1000\" \/>\n\t<meta property=\"og:image:height\" content=\"662\" \/>\n\t<meta property=\"og:image:type\" content=\"image\/jpeg\" \/>\n<meta name=\"author\" content=\"MINDD\" \/>\n<meta name=\"twitter:card\" content=\"summary_large_image\" \/>\n<meta name=\"twitter:label1\" content=\"Napisane przez\" \/>\n\t<meta name=\"twitter:data1\" content=\"MINDD\" \/>\n\t<meta name=\"twitter:label2\" content=\"Szacowany czas czytania\" \/>\n\t<meta name=\"twitter:data2\" content=\"2 minuty\" \/>\n<script type=\"application\/ld+json\" class=\"yoast-schema-graph\">{\"@context\":\"https:\/\/schema.org\",\"@graph\":[{\"@type\":\"WebPage\",\"@id\":\"https:\/\/huisartsenposttilburg.nl\/pl\/nieuws\/rozpoczal-sie-sezon-na-katar-sienny-i-kleszcze\/\",\"url\":\"https:\/\/huisartsenposttilburg.nl\/pl\/nieuws\/rozpoczal-sie-sezon-na-katar-sienny-i-kleszcze\/\",\"name\":\"Rozpocz\u0105\u0142 si\u0119 sezon na katar sienny i kleszcze - Huisartsenpost Tilburg - Polski\",\"isPartOf\":{\"@id\":\"https:\/\/huisartsenposttilburg.nl\/pl\/#website\"},\"primaryImageOfPage\":{\"@id\":\"https:\/\/huisartsenposttilburg.nl\/pl\/nieuws\/rozpoczal-sie-sezon-na-katar-sienny-i-kleszcze\/#primaryimage\"},\"image\":{\"@id\":\"https:\/\/huisartsenposttilburg.nl\/pl\/nieuws\/rozpoczal-sie-sezon-na-katar-sienny-i-kleszcze\/#primaryimage\"},\"thumbnailUrl\":\"https:\/\/huisartsenposttilburg.nl\/pl\/wp-content\/uploads\/sites\/162\/2023\/05\/hooikoorts-min.jpg\",\"datePublished\":\"2023-05-02T09:39:44+00:00\",\"dateModified\":\"2024-12-23T14:02:07+00:00\",\"author\":{\"@id\":\"https:\/\/huisartsenposttilburg.nl\/pl\/#\/schema\/person\/a9e28e081516b814b3224fb1c8f07206\"},\"breadcrumb\":{\"@id\":\"https:\/\/huisartsenposttilburg.nl\/pl\/nieuws\/rozpoczal-sie-sezon-na-katar-sienny-i-kleszcze\/#breadcrumb\"},\"inLanguage\":\"pl-PL\",\"potentialAction\":[{\"@type\":\"ReadAction\",\"target\":[\"https:\/\/huisartsenposttilburg.nl\/pl\/nieuws\/rozpoczal-sie-sezon-na-katar-sienny-i-kleszcze\/\"]}]},{\"@type\":\"ImageObject\",\"inLanguage\":\"pl-PL\",\"@id\":\"https:\/\/huisartsenposttilburg.nl\/pl\/nieuws\/rozpoczal-sie-sezon-na-katar-sienny-i-kleszcze\/#primaryimage\",\"url\":\"https:\/\/huisartsenposttilburg.nl\/pl\/wp-content\/uploads\/sites\/162\/2023\/05\/hooikoorts-min.jpg\",\"contentUrl\":\"https:\/\/huisartsenposttilburg.nl\/pl\/wp-content\/uploads\/sites\/162\/2023\/05\/hooikoorts-min.jpg\",\"width\":1000,\"height\":662,\"caption\":\"Niezende vrouw\"},{\"@type\":\"BreadcrumbList\",\"@id\":\"https:\/\/huisartsenposttilburg.nl\/pl\/nieuws\/rozpoczal-sie-sezon-na-katar-sienny-i-kleszcze\/#breadcrumb\",\"itemListElement\":[{\"@type\":\"ListItem\",\"position\":1,\"name\":\"Home\",\"item\":\"https:\/\/huisartsenposttilburg.nl\/pl\/\"},{\"@type\":\"ListItem\",\"position\":2,\"name\":\"Rozpocz\u0105\u0142 si\u0119 sezon na katar sienny i kleszcze\"}]},{\"@type\":\"WebSite\",\"@id\":\"https:\/\/huisartsenposttilburg.nl\/pl\/#website\",\"url\":\"https:\/\/huisartsenposttilburg.nl\/pl\/\",\"name\":\"Huisartsenpost Tilburg - Polski\",\"description\":\"\",\"potentialAction\":[{\"@type\":\"SearchAction\",\"target\":{\"@type\":\"EntryPoint\",\"urlTemplate\":\"https:\/\/huisartsenposttilburg.nl\/pl\/?s={search_term_string}\"},\"query-input\":{\"@type\":\"PropertyValueSpecification\",\"valueRequired\":true,\"valueName\":\"search_term_string\"}}],\"inLanguage\":\"pl-PL\"},{\"@type\":\"Person\",\"@id\":\"https:\/\/huisartsenposttilburg.nl\/pl\/#\/schema\/person\/a9e28e081516b814b3224fb1c8f07206\",\"name\":\"MINDD\",\"image\":{\"@type\":\"ImageObject\",\"inLanguage\":\"pl-PL\",\"@id\":\"https:\/\/huisartsenposttilburg.nl\/pl\/#\/schema\/person\/image\/\",\"url\":\"https:\/\/huisartsenposttilburg.nl\/pl\/wp-content\/litespeed\/avatar\/162\/cb20a4a779c84cdbe340e6ad267e9e9a.jpg?ver=1777382047\",\"contentUrl\":\"https:\/\/huisartsenposttilburg.nl\/pl\/wp-content\/litespeed\/avatar\/162\/cb20a4a779c84cdbe340e6ad267e9e9a.jpg?ver=1777382047\",\"caption\":\"MINDD\"},\"url\":\"https:\/\/huisartsenposttilburg.nl\/pl\/nieuws\/author\/mindd-beheer\/\"}]}<\/script>\n<!-- \/ Yoast SEO plugin. -->","yoast_head_json":{"title":"Rozpocz\u0105\u0142 si\u0119 sezon na katar sienny i kleszcze - Huisartsenpost Tilburg - Polski","robots":{"index":"index","follow":"follow","max-snippet":"max-snippet:-1","max-image-preview":"max-image-preview:large","max-video-preview":"max-video-preview:-1"},"canonical":"https:\/\/huisartsenposttilburg.nl\/pl\/nieuws\/rozpoczal-sie-sezon-na-katar-sienny-i-kleszcze\/","og_locale":"pl_PL","og_type":"article","og_title":"Rozpocz\u0105\u0142 si\u0119 sezon na katar sienny i kleszcze - Huisartsenpost Tilburg - Polski","og_description":"Te miesi\u0105ce nie s\u0105 najprzyjemniejsze dla wielu os\u00f3b cierpi\u0105cych na katar sienny. W powietrzu unosi si\u0119 du\u017co py\u0142k\u00f3w z drzew, traw i ro\u015blin. W przypadku kataru siennego masz alergi\u0119 na py\u0142ki. Twoje b\u0142ony \u015bluzowe staj\u0105 si\u0119 podra\u017cnione, gdy ten py\u0142ek wejdzie w kontakt z oczami, nosem, ustami, gard\u0142em lub tchawic\u0105. Powoduje to takie objawy, jak [&hellip;]","og_url":"https:\/\/huisartsenposttilburg.nl\/pl\/nieuws\/rozpoczal-sie-sezon-na-katar-sienny-i-kleszcze\/","og_site_name":"Huisartsenpost Tilburg - Polski","article_published_time":"2023-05-02T09:39:44+00:00","article_modified_time":"2024-12-23T14:02:07+00:00","og_image":[{"width":1000,"height":662,"url":"https:\/\/huisartsenposttilburg.nl\/pl\/wp-content\/uploads\/sites\/162\/2023\/05\/hooikoorts-min.jpg","type":"image\/jpeg"}],"author":"MINDD","twitter_card":"summary_large_image","twitter_misc":{"Napisane przez":"MINDD","Szacowany czas czytania":"2 minuty"},"schema":{"@context":"https:\/\/schema.org","@graph":[{"@type":"WebPage","@id":"https:\/\/huisartsenposttilburg.nl\/pl\/nieuws\/rozpoczal-sie-sezon-na-katar-sienny-i-kleszcze\/","url":"https:\/\/huisartsenposttilburg.nl\/pl\/nieuws\/rozpoczal-sie-sezon-na-katar-sienny-i-kleszcze\/","name":"Rozpocz\u0105\u0142 si\u0119 sezon na katar sienny i kleszcze - Huisartsenpost Tilburg - Polski","isPartOf":{"@id":"https:\/\/huisartsenposttilburg.nl\/pl\/#website"},"primaryImageOfPage":{"@id":"https:\/\/huisartsenposttilburg.nl\/pl\/nieuws\/rozpoczal-sie-sezon-na-katar-sienny-i-kleszcze\/#primaryimage"},"image":{"@id":"https:\/\/huisartsenposttilburg.nl\/pl\/nieuws\/rozpoczal-sie-sezon-na-katar-sienny-i-kleszcze\/#primaryimage"},"thumbnailUrl":"https:\/\/huisartsenposttilburg.nl\/pl\/wp-content\/uploads\/sites\/162\/2023\/05\/hooikoorts-min.jpg","datePublished":"2023-05-02T09:39:44+00:00","dateModified":"2024-12-23T14:02:07+00:00","author":{"@id":"https:\/\/huisartsenposttilburg.nl\/pl\/#\/schema\/person\/a9e28e081516b814b3224fb1c8f07206"},"breadcrumb":{"@id":"https:\/\/huisartsenposttilburg.nl\/pl\/nieuws\/rozpoczal-sie-sezon-na-katar-sienny-i-kleszcze\/#breadcrumb"},"inLanguage":"pl-PL","potentialAction":[{"@type":"ReadAction","target":["https:\/\/huisartsenposttilburg.nl\/pl\/nieuws\/rozpoczal-sie-sezon-na-katar-sienny-i-kleszcze\/"]}]},{"@type":"ImageObject","inLanguage":"pl-PL","@id":"https:\/\/huisartsenposttilburg.nl\/pl\/nieuws\/rozpoczal-sie-sezon-na-katar-sienny-i-kleszcze\/#primaryimage","url":"https:\/\/huisartsenposttilburg.nl\/pl\/wp-content\/uploads\/sites\/162\/2023\/05\/hooikoorts-min.jpg","contentUrl":"https:\/\/huisartsenposttilburg.nl\/pl\/wp-content\/uploads\/sites\/162\/2023\/05\/hooikoorts-min.jpg","width":1000,"height":662,"caption":"Niezende vrouw"},{"@type":"BreadcrumbList","@id":"https:\/\/huisartsenposttilburg.nl\/pl\/nieuws\/rozpoczal-sie-sezon-na-katar-sienny-i-kleszcze\/#breadcrumb","itemListElement":[{"@type":"ListItem","position":1,"name":"Home","item":"https:\/\/huisartsenposttilburg.nl\/pl\/"},{"@type":"ListItem","position":2,"name":"Rozpocz\u0105\u0142 si\u0119 sezon na katar sienny i kleszcze"}]},{"@type":"WebSite","@id":"https:\/\/huisartsenposttilburg.nl\/pl\/#website","url":"https:\/\/huisartsenposttilburg.nl\/pl\/","name":"Huisartsenpost Tilburg - Polski","description":"","potentialAction":[{"@type":"SearchAction","target":{"@type":"EntryPoint","urlTemplate":"https:\/\/huisartsenposttilburg.nl\/pl\/?s={search_term_string}"},"query-input":{"@type":"PropertyValueSpecification","valueRequired":true,"valueName":"search_term_string"}}],"inLanguage":"pl-PL"},{"@type":"Person","@id":"https:\/\/huisartsenposttilburg.nl\/pl\/#\/schema\/person\/a9e28e081516b814b3224fb1c8f07206","name":"MINDD","image":{"@type":"ImageObject","inLanguage":"pl-PL","@id":"https:\/\/huisartsenposttilburg.nl\/pl\/#\/schema\/person\/image\/","url":"https:\/\/huisartsenposttilburg.nl\/pl\/wp-content\/litespeed\/avatar\/162\/cb20a4a779c84cdbe340e6ad267e9e9a.jpg?ver=1777382047","contentUrl":"https:\/\/huisartsenposttilburg.nl\/pl\/wp-content\/litespeed\/avatar\/162\/cb20a4a779c84cdbe340e6ad267e9e9a.jpg?ver=1777382047","caption":"MINDD"},"url":"https:\/\/huisartsenposttilburg.nl\/pl\/nieuws\/author\/mindd-beheer\/"}]}},"_links":{"self":[{"href":"https:\/\/huisartsenposttilburg.nl\/pl\/wp-json\/wp\/v2\/posts\/2442","targetHints":{"allow":["GET"]}}],"collection":[{"href":"https:\/\/huisartsenposttilburg.nl\/pl\/wp-json\/wp\/v2\/posts"}],"about":[{"href":"https:\/\/huisartsenposttilburg.nl\/pl\/wp-json\/wp\/v2\/types\/post"}],"author":[{"embeddable":true,"href":"https:\/\/huisartsenposttilburg.nl\/pl\/wp-json\/wp\/v2\/users\/3"}],"replies":[{"embeddable":true,"href":"https:\/\/huisartsenposttilburg.nl\/pl\/wp-json\/wp\/v2\/comments?post=2442"}],"version-history":[{"count":2,"href":"https:\/\/huisartsenposttilburg.nl\/pl\/wp-json\/wp\/v2\/posts\/2442\/revisions"}],"predecessor-version":[{"id":187372,"href":"https:\/\/huisartsenposttilburg.nl\/pl\/wp-json\/wp\/v2\/posts\/2442\/revisions\/187372"}],"wp:featuredmedia":[{"embeddable":true,"href":"https:\/\/huisartsenposttilburg.nl\/pl\/wp-json\/wp\/v2\/media\/2452"}],"wp:attachment":[{"href":"https:\/\/huisartsenposttilburg.nl\/pl\/wp-json\/wp\/v2\/media?parent=2442"}],"wp:term":[{"taxonomy":"category","embeddable":true,"href":"https:\/\/huisartsenposttilburg.nl\/pl\/wp-json\/wp\/v2\/categories?post=2442"}],"curies":[{"name":"wp","href":"https:\/\/api.w.org\/{rel}","templated":true}]}}